{"id":1622,"date":"2025-05-09T17:02:45","date_gmt":"2025-05-09T15:02:45","guid":{"rendered":"https:\/\/clg-aimecesaire-ulis.fr\/?p=1622"},"modified":"2025-05-09T17:11:07","modified_gmt":"2025-05-09T15:11:07","slug":"il-est-arrive","status":"publish","type":"post","link":"https:\/\/clg-aimecesaire-ulis.fr\/?p=1622","title":{"rendered":"Il est arriv\u00e9 !"},"content":{"rendered":"<p style=\"text-align: justify;\">Les deux exemplaires papier du livre <strong><em><span style=\"text-decoration: underline;\">Les Nouvelles aventures de Tom Sawyer<\/span><\/em><\/strong>, \u00e9crits avec talent par les \u00e9l\u00e8ves, sont enfin arriv\u00e9s !<br \/>Ce projet collectif, fruit d\u2019un travail d\u2019\u00e9criture cr\u00e9ative et d\u2019imagination, est d\u00e9sormais concr\u00e9tis\u00e9 sous forme de livre imprim\u00e9.<\/p>\n<p style=\"text-align: justify;\">Un exemplaire sera disponible en consultation au CDI pour que chacun puisse d\u00e9couvrir les aventures in\u00e9dites de Tom Sawyer revisit\u00e9es par nos jeunes auteurs.<\/p>\n<p style=\"text-align: justify;\">Bravo \u00e0 tous les participants pour leur implication et leur cr\u00e9ativit\u00e9 ! <\/p>\n<p style=\"text-align: justify;\">\r\n\t\t<div class=\"aigpl-gallery aigpl-gallery-wrp aigpl-gallery-grid aigpl-clearfix aigpl-design-1 aigpl-popup-gallery \" id=\"aigpl-gallery-1\">\r\n\r\n\t\t\r\n<div class=\"aigpl-cnt-wrp aigpl-col-3 aigpl-columns aigpl-first\" data-item-index=\"1\">\r\n\t<div class=\"aigpl-inr-wrp\">\r\n\t\t<div class=\"aigpl-img-wrp\" style=\"\">\r\n\r\n\t\t\t\t\t\t\t\t<a class=\"aigpl-img-link\" data-mfp-src=\"https:\/\/clg-aimecesaire-ulis.fr\/wp-content\/uploads\/2025\/05\/IMG_20250509_164837908-scaled.jpg\" href=\"javascript:void(0);\" target=\"_self\">\r\n\t\t\t\t\t\t<img decoding=\"async\" class=\"aigpl-img\"  src=\"https:\/\/clg-aimecesaire-ulis.fr\/wp-content\/uploads\/2025\/05\/IMG_20250509_164837908-scaled.jpg\" alt=\"\" \/>\r\n\t\t\t\t\t<\/a>\r\n\t\t\t\t\t\t<\/div>\r\n\r\n\t\t\t<\/div>\r\n<\/div>\r\n<div class=\"aigpl-cnt-wrp aigpl-col-3 aigpl-columns\" data-item-index=\"2\">\r\n\t<div class=\"aigpl-inr-wrp\">\r\n\t\t<div class=\"aigpl-img-wrp\" style=\"\">\r\n\r\n\t\t\t\t\t\t\t\t<a class=\"aigpl-img-link\" data-mfp-src=\"https:\/\/clg-aimecesaire-ulis.fr\/wp-content\/uploads\/2025\/05\/IMG_20250509_164853020-scaled.jpg\" href=\"javascript:void(0);\" target=\"_self\">\r\n\t\t\t\t\t\t<img decoding=\"async\" class=\"aigpl-img\"  src=\"https:\/\/clg-aimecesaire-ulis.fr\/wp-content\/uploads\/2025\/05\/IMG_20250509_164853020-scaled.jpg\" alt=\"\" \/>\r\n\t\t\t\t\t<\/a>\r\n\t\t\t\t\t\t<\/div>\r\n\r\n\t\t\t<\/div>\r\n<\/div>\r\n<div class=\"aigpl-cnt-wrp aigpl-col-3 aigpl-columns\" data-item-index=\"3\">\r\n\t<div class=\"aigpl-inr-wrp\">\r\n\t\t<div class=\"aigpl-img-wrp\" style=\"\">\r\n\r\n\t\t\t\t\t\t\t\t<a class=\"aigpl-img-link\" data-mfp-src=\"https:\/\/clg-aimecesaire-ulis.fr\/wp-content\/uploads\/2025\/05\/IMG_20250509_164859503-scaled.jpg\" href=\"javascript:void(0);\" target=\"_self\">\r\n\t\t\t\t\t\t<img decoding=\"async\" class=\"aigpl-img\"  src=\"https:\/\/clg-aimecesaire-ulis.fr\/wp-content\/uploads\/2025\/05\/IMG_20250509_164859503-scaled.jpg\" alt=\"\" \/>\r\n\t\t\t\t\t<\/a>\r\n\t\t\t\t\t\t<\/div>\r\n\r\n\t\t\t<\/div>\r\n<\/div>\r\n\t\t<\/div><!-- end .aigpl-gallery-wrp -->\r\n\r\n\t<\/p>\n","protected":false},"excerpt":{"rendered":"<p>Les deux exemplaires papier du livre Les Nouvelles aventures de Tom Sawyer, \u00e9crits avec talent par les \u00e9l\u00e8ves, sont enfin [&hellip;]<\/p>\n","protected":false},"author":1,"featured_media":1626,"comment_status":"closed","ping_status":"","sticky":false,"template":"","format":"standard","meta":{"cybocfi_hide_featured_image":"yes","footnotes":""},"categories":[20,16],"tags":[],"class_list":["post-1622","post","type-post","status-publish","format-standard","has-post-thumbnail","hentry","category-4eme","category-activites-et-sorties-pedagogiques"],"_links":{"self":[{"href":"https:\/\/clg-aimecesaire-ulis.fr\/index.php?rest_route=\/wp\/v2\/posts\/1622","targetHints":{"allow":["GET"]}}],"collection":[{"href":"https:\/\/clg-aimecesaire-ulis.fr\/index.php?rest_route=\/wp\/v2\/posts"}],"about":[{"href":"https:\/\/clg-aimecesaire-ulis.fr\/index.php?rest_route=\/wp\/v2\/types\/post"}],"author":[{"embeddable":true,"href":"https:\/\/clg-aimecesaire-ulis.fr\/index.php?rest_route=\/wp\/v2\/users\/1"}],"replies":[{"embeddable":true,"href":"https:\/\/clg-aimecesaire-ulis.fr\/index.php?rest_route=%2Fwp%2Fv2%2Fcomments&post=1622"}],"version-history":[{"count":2,"href":"https:\/\/clg-aimecesaire-ulis.fr\/index.php?rest_route=\/wp\/v2\/posts\/1622\/revisions"}],"predecessor-version":[{"id":1630,"href":"https:\/\/clg-aimecesaire-ulis.fr\/index.php?rest_route=\/wp\/v2\/posts\/1622\/revisions\/1630"}],"wp:featuredmedia":[{"embeddable":true,"href":"https:\/\/clg-aimecesaire-ulis.fr\/index.php?rest_route=\/wp\/v2\/media\/1626"}],"wp:attachment":[{"href":"https:\/\/clg-aimecesaire-ulis.fr\/index.php?rest_route=%2Fwp%2Fv2%2Fmedia&parent=1622"}],"wp:term":[{"taxonomy":"category","embeddable":true,"href":"https:\/\/clg-aimecesaire-ulis.fr\/index.php?rest_route=%2Fwp%2Fv2%2Fcategories&post=1622"},{"taxonomy":"post_tag","embeddable":true,"href":"https:\/\/clg-aimecesaire-ulis.fr\/index.php?rest_route=%2Fwp%2Fv2%2Ftags&post=1622"}],"curies":[{"name":"wp","href":"https:\/\/api.w.org\/{rel}","templated":true}]}}