{"id":1929,"date":"2025-11-19T19:36:33","date_gmt":"2025-11-19T18:36:33","guid":{"rendered":"https:\/\/clg-aimecesaire-ulis.fr\/?p=1929"},"modified":"2025-11-19T19:37:06","modified_gmt":"2025-11-19T18:37:06","slug":"cross-departemental","status":"publish","type":"post","link":"https:\/\/clg-aimecesaire-ulis.fr\/?p=1929","title":{"rendered":"Cross d\u00e9partemental"},"content":{"rendered":"<p style=\"text-align: justify;\">31 \u00e9l\u00e8ves du coll\u00e8ge ont particip\u00e9 au cross d\u00e9partemental le Mercredi 19 Novembre qui se d\u00e9roulait \u00e0 Palaiseau et r\u00e9unissait l\u2019ensemble des lyc\u00e9es et coll\u00e8ges du d\u00e9partement. Malgr\u00e9 quelques rares apparitions du soleil, nos \u00e9l\u00e8ves ont d\u00fb affronter la pluie et la boue. Tous les \u00e9l\u00e8ves, sans exception, se sont donn\u00e9s \u00e0 fond pour repr\u00e9senter le coll\u00e8ge. Merci \u00e0 eux d\u2019avoir pris part \u00e0 cette aventure ! Nous esp\u00e9rons qu\u2019ils en garderont un bon souvenir. Les r\u00e9sultats seront affich\u00e9s au coll\u00e8ge et les \u00e9l\u00e8ves pourront les consulter.<\/p>\n<p style=\"text-align: justify;\">F\u00e9licitations \u00e0 AIT TAL Malak, qui a termin\u00e9 3\u1d49 de l\u2019Essonne de sa cat\u00e9gorie.<\/p>\n<p style=\"text-align: justify;\">L\u2019\u00e9quipe EPS<\/p>\n<p style=\"text-align: justify;\">\r\n\t<div class=\"aigpl-gallery-slider-wrp \">\r\n\t\t<div class=\"aigpl-gallery aigpl-gallery-wrp aigpl-gallery-slider aigpl-clearfix aigpl-design-1 aigpl-popup-gallery\" id=\"aigpl-gallery-1\">\r\n\t\t\r\n<div class=\"aigpl-slider-slide aigpl-cnt-wrp\" data-item-index=\"1\">\r\n\t<div class=\"aigpl-inr-wrp\">\r\n\t\t<div class=\"aigpl-img-wrp\" style=\"\">\r\n\r\n\t\t\t\t\t\t\t\t<a class=\"aigpl-img-link\" data-mfp-src=\"https:\/\/clg-aimecesaire-ulis.fr\/wp-content\/uploads\/2025\/11\/PXL_20251119_1334519942-scaled.jpg\" href=\"javascript:void(0);\" target=\"_self\">\r\n\t\t\t\t\t\t<img decoding=\"async\" class=\"aigpl-img\"  src=\"https:\/\/clg-aimecesaire-ulis.fr\/wp-content\/uploads\/2025\/11\/PXL_20251119_1334519942-scaled.jpg\" alt=\"\" \/>\r\n\t\t\t\t\t<\/a>\r\n\t\t\t\t\t\t<\/div>\r\n\r\n\t\t\t<\/div>\r\n<\/div>\r\n<div class=\"aigpl-slider-slide aigpl-cnt-wrp\" data-item-index=\"2\">\r\n\t<div class=\"aigpl-inr-wrp\">\r\n\t\t<div class=\"aigpl-img-wrp\" style=\"\">\r\n\r\n\t\t\t\t\t\t\t\t<a class=\"aigpl-img-link\" data-mfp-src=\"https:\/\/clg-aimecesaire-ulis.fr\/wp-content\/uploads\/2025\/11\/PXL_20251119_1450346712-scaled.jpg\" href=\"javascript:void(0);\" target=\"_self\">\r\n\t\t\t\t\t\t<img decoding=\"async\" class=\"aigpl-img\"  src=\"https:\/\/clg-aimecesaire-ulis.fr\/wp-content\/uploads\/2025\/11\/PXL_20251119_1450346712-scaled.jpg\" alt=\"\" \/>\r\n\t\t\t\t\t<\/a>\r\n\t\t\t\t\t\t<\/div>\r\n\r\n\t\t\t<\/div>\r\n<\/div>\r\n<div class=\"aigpl-slider-slide aigpl-cnt-wrp\" data-item-index=\"3\">\r\n\t<div class=\"aigpl-inr-wrp\">\r\n\t\t<div class=\"aigpl-img-wrp\" style=\"\">\r\n\r\n\t\t\t\t\t\t\t\t<a class=\"aigpl-img-link\" data-mfp-src=\"https:\/\/clg-aimecesaire-ulis.fr\/wp-content\/uploads\/2025\/11\/PXL_20251119_1334211632-scaled.jpg\" href=\"javascript:void(0);\" target=\"_self\">\r\n\t\t\t\t\t\t<img decoding=\"async\" class=\"aigpl-img\"  src=\"https:\/\/clg-aimecesaire-ulis.fr\/wp-content\/uploads\/2025\/11\/PXL_20251119_1334211632-scaled.jpg\" alt=\"\" \/>\r\n\t\t\t\t\t<\/a>\r\n\t\t\t\t\t\t<\/div>\r\n\r\n\t\t\t<\/div>\r\n<\/div>\r\n\t\t<\/div>\r\n\t\t<div class=\"aigpl-gallery-slider-conf aigpl-hide\">{&quot;slidestoshow&quot;:3,&quot;slidestoscroll&quot;:1,&quot;dots&quot;:&quot;true&quot;,&quot;arrows&quot;:&quot;true&quot;,&quot;autoplay&quot;:&quot;true&quot;,&quot;autoplay_interval&quot;:3000,&quot;speed&quot;:300,&quot;loop&quot;:&quot;true&quot;,&quot;lazyload&quot;:&quot;&quot;}<\/div>\r\n\t<\/div>\r\n\r\n\t<\/p>\n","protected":false},"excerpt":{"rendered":"<p>31 \u00e9l\u00e8ves du coll\u00e8ge ont particip\u00e9 au cross d\u00e9partemental le Mercredi 19 Novembre qui se d\u00e9roulait \u00e0 Palaiseau et r\u00e9unissait [&hellip;]<\/p>\n","protected":false},"author":1,"featured_media":1927,"comment_status":"closed","ping_status":"","sticky":false,"template":"","format":"standard","meta":{"cybocfi_hide_featured_image":"yes","footnotes":""},"categories":[22],"tags":[],"class_list":["post-1929","post","type-post","status-publish","format-standard","has-post-thumbnail","hentry","category-actualites"],"_links":{"self":[{"href":"https:\/\/clg-aimecesaire-ulis.fr\/index.php?rest_route=\/wp\/v2\/posts\/1929","targetHints":{"allow":["GET"]}}],"collection":[{"href":"https:\/\/clg-aimecesaire-ulis.fr\/index.php?rest_route=\/wp\/v2\/posts"}],"about":[{"href":"https:\/\/clg-aimecesaire-ulis.fr\/index.php?rest_route=\/wp\/v2\/types\/post"}],"author":[{"embeddable":true,"href":"https:\/\/clg-aimecesaire-ulis.fr\/index.php?rest_route=\/wp\/v2\/users\/1"}],"replies":[{"embeddable":true,"href":"https:\/\/clg-aimecesaire-ulis.fr\/index.php?rest_route=%2Fwp%2Fv2%2Fcomments&post=1929"}],"version-history":[{"count":2,"href":"https:\/\/clg-aimecesaire-ulis.fr\/index.php?rest_route=\/wp\/v2\/posts\/1929\/revisions"}],"predecessor-version":[{"id":1931,"href":"https:\/\/clg-aimecesaire-ulis.fr\/index.php?rest_route=\/wp\/v2\/posts\/1929\/revisions\/1931"}],"wp:featuredmedia":[{"embeddable":true,"href":"https:\/\/clg-aimecesaire-ulis.fr\/index.php?rest_route=\/wp\/v2\/media\/1927"}],"wp:attachment":[{"href":"https:\/\/clg-aimecesaire-ulis.fr\/index.php?rest_route=%2Fwp%2Fv2%2Fmedia&parent=1929"}],"wp:term":[{"taxonomy":"category","embeddable":true,"href":"https:\/\/clg-aimecesaire-ulis.fr\/index.php?rest_route=%2Fwp%2Fv2%2Fcategories&post=1929"},{"taxonomy":"post_tag","embeddable":true,"href":"https:\/\/clg-aimecesaire-ulis.fr\/index.php?rest_route=%2Fwp%2Fv2%2Ftags&post=1929"}],"curies":[{"name":"wp","href":"https:\/\/api.w.org\/{rel}","templated":true}]}}